{"id":112,"date":"2025-02-28T11:19:25","date_gmt":"2025-02-28T15:19:25","guid":{"rendered":"https:\/\/educ-spe-guadeloupe.fr\/?p=112"},"modified":"2025-02-28T11:24:59","modified_gmt":"2025-02-28T15:24:59","slug":"guadeloupe-besoin-dun-accompagnement-educatif-sans-attendre","status":"publish","type":"post","link":"https:\/\/educ-spe-guadeloupe.fr\/index.php\/2025\/02\/28\/guadeloupe-besoin-dun-accompagnement-educatif-sans-attendre\/","title":{"rendered":"Guadeloupe : besoin d&rsquo;un accompagnement \u00e9ducatif sans attendre ?"},"content":{"rendered":"\t\t<div data-elementor-type=\"wp-post\" data-elementor-id=\"112\" class=\"elementor elementor-112\">\n\t\t\t\t<div class=\"elementor-element elementor-element-3adef4b7 e-flex e-con-boxed e-con e-parent\" data-id=\"3adef4b7\" data-element_type=\"container\" data-e-type=\"container\">\n\t\t\t\t\t<div class=\"e-con-inner\">\n\t\t\t\t<div class=\"elementor-element elementor-element-6556c83b elementor-widget elementor-widget-text-editor\" data-id=\"6556c83b\" data-element_type=\"widget\" data-e-type=\"widget\" data-widget_type=\"text-editor.default\">\n\t\t\t\t<div class=\"elementor-widget-container\">\n\t\t\t\t\t\t\t\t\t<div class=\"x11i5rnm xat24cr x1mh8g0r x1vvkbs xtlvy1s x126k92a\"><\/div>\r\n<div class=\"x11i5rnm xat24cr x1mh8g0r x1vvkbs xtlvy1s x126k92a\">\r\n<div dir=\"auto\">\r\n<p data-start=\"73\" data-end=\"333\">Les d\u00e9lais d\u2019acc\u00e8s aux structures sp\u00e9cialis\u00e9es peuvent \u00eatre longs, laissant les enfants, adolescents et adultes en difficult\u00e9 sans le soutien dont ils ont besoin pour progresser. Pendant ce temps, chaque jour compte pour leur d\u00e9veloppement et leur bien-\u00eatre.<\/p>\r\n<p data-start=\"335\" data-end=\"389\"><strong data-start=\"335\" data-end=\"387\">Ne laissez pas l\u2019attente freiner leurs progr\u00e8s !<\/strong><\/p>\r\n<p data-start=\"391\" data-end=\"609\"><strong data-start=\"391\" data-end=\"430\">\u00c9ducatrice sp\u00e9cialis\u00e9e ind\u00e9pendante<\/strong>, j\u2019interviens directement aupr\u00e8s des familles de la r\u00e9gion de <strong data-start=\"493\" data-end=\"508\">Basse-Terre<\/strong> pour proposer un <strong data-start=\"526\" data-end=\"564\">accompagnement \u00e9ducatif sur mesure<\/strong>, adapt\u00e9 aux besoins sp\u00e9cifiques de chacun.<\/p>\r\n<p data-start=\"611\" data-end=\"1073\">\u2714 <strong data-start=\"613\" data-end=\"647\">Un accompagnement personnalis\u00e9<\/strong> : chaque situation est unique, chaque r\u00e9ponse doit l\u2019\u00eatre aussi.<br data-start=\"712\" data-end=\"715\" \/>\u2714 <strong data-start=\"717\" data-end=\"758\">Un soutien \u00e9ducatif et comportemental<\/strong> : pour favoriser l\u2019autonomie et d\u00e9velopper les comp\u00e9tences du quotidien.<br data-start=\"831\" data-end=\"834\" \/>\u2714 <strong data-start=\"836\" data-end=\"886\">Des conseils pratiques aux familles et aidants<\/strong> : des outils concrets pour accompagner efficacement au quotidien.<br data-start=\"952\" data-end=\"955\" \/>\u2714 <strong data-start=\"957\" data-end=\"1009\" data-is-only-node=\"\">Une prise en charge rapide, sans liste d\u2019attente<\/strong> : parce que l\u2019acc\u00e8s \u00e0 l\u2019aide ne devrait pas \u00eatre un obstacle.<\/p>\r\n<p data-start=\"1075\" data-end=\"1390\"><strong data-start=\"1075\" data-end=\"1136\">Pourquoi choisir un accompagnement \u00e9ducatif ind\u00e9pendant ?<\/strong><br data-start=\"1136\" data-end=\"1139\" \/>\ud83d\udc49 <strong data-start=\"1142\" data-end=\"1156\">R\u00e9activit\u00e9<\/strong> : une prise en charge imm\u00e9diate, sans d\u00e9lais administratifs.<br data-start=\"1217\" data-end=\"1220\" \/>\ud83d\udc49 <strong data-start=\"1223\" data-end=\"1238\">Flexibilit\u00e9<\/strong> : un suivi \u00e0 domicile ou en ext\u00e9rieur, selon les besoins.<br data-start=\"1296\" data-end=\"1299\" \/>\ud83d\udc49 <strong data-start=\"1302\" data-end=\"1315\">Proximit\u00e9<\/strong> : un accompagnement au c\u0153ur de votre quotidien, dans un cadre rassurant.<\/p>\r\n<p data-start=\"1392\" data-end=\"1481\"><strong data-start=\"1392\" data-end=\"1476\">Chaque personne m\u00e9rite un soutien adapt\u00e9 \u00e0 ses besoins pour avancer sereinement.<\/strong> \ud83c\udf31<\/p>\r\n<p data-start=\"1483\" data-end=\"1588\">\ud83d\udce9 <strong data-start=\"1486\" data-end=\"1538\">Contactez-moi d\u00e8s aujourd\u2019hui pour en discuter !<\/strong><br data-start=\"1538\" data-end=\"1541\" \/>\ud83d\udcde 06 52 89 63 20<br data-start=\"1558\" data-end=\"1561\" \/>\ud83d\udce7 <a rel=\"noopener\" data-start=\"1564\" data-end=\"1586\">olbrdadnaima@gmail.com<\/a><\/p>\r\n\r\n<\/div>\r\n<div dir=\"auto\"><\/div>\r\n<\/div>\t\t\t\t\t\t\t\t<\/div>\n\t\t\t\t<\/div>\n\t\t\t\t\t<\/div>\n\t\t\t\t<\/div>\n\t\t<div class=\"elementor-element elementor-element-59fb770 e-flex e-con-boxed e-con e-parent\" data-id=\"59fb770\" data-element_type=\"container\" data-e-type=\"container\">\n\t\t\t\t\t<div class=\"e-con-inner\">\n\t\t\t\t<div class=\"elementor-element elementor-element-963722b elementor-widget elementor-widget-image\" data-id=\"963722b\" data-element_type=\"widget\" data-e-type=\"widget\" data-widget_type=\"image.default\">\n\t\t\t\t<div class=\"elementor-widget-container\">\n\t\t\t\t\t\t\t\t\t\t\t\t\t\t\t<img fetchpriority=\"high\" decoding=\"async\" width=\"800\" height=\"522\" src=\"https:\/\/educ-spe-guadeloupe.fr\/wp-content\/uploads\/2025\/02\/Naima-OLBRDAD-educatrice-specialisee-Guadeloupe-intervention-confiance-1024x668.jpg\" class=\"attachment-large size-large wp-image-115\" alt=\"Naima OLBRDAD \u00e9ducatrice sp\u00e9cialis\u00e9e Guadeloupe intervention confiance\" srcset=\"https:\/\/educ-spe-guadeloupe.fr\/wp-content\/uploads\/2025\/02\/Naima-OLBRDAD-educatrice-specialisee-Guadeloupe-intervention-confiance-1024x668.jpg 1024w, https:\/\/educ-spe-guadeloupe.fr\/wp-content\/uploads\/2025\/02\/Naima-OLBRDAD-educatrice-specialisee-Guadeloupe-intervention-confiance-300x196.jpg 300w, https:\/\/educ-spe-guadeloupe.fr\/wp-content\/uploads\/2025\/02\/Naima-OLBRDAD-educatrice-specialisee-Guadeloupe-intervention-confiance-768x501.jpg 768w, https:\/\/educ-spe-guadeloupe.fr\/wp-content\/uploads\/2025\/02\/Naima-OLBRDAD-educatrice-specialisee-Guadeloupe-intervention-confiance.jpg 1138w\" sizes=\"(max-width: 800px) 100vw, 800px\" \/>\t\t\t\t\t\t\t\t\t\t\t\t\t\t\t<\/div>\n\t\t\t\t<\/div>\n\t\t\t\t\t<\/div>\n\t\t\t\t<\/div>\n\t\t\t\t<\/div>\n\t\t","protected":false},"excerpt":{"rendered":"<p>Les d\u00e9lais d\u2019acc\u00e8s aux structures sp\u00e9cialis\u00e9es peuvent \u00eatre longs, laissant les enfants, adolescents et adultes en difficult\u00e9 sans le soutien dont ils ont besoin pour progresser. Pendant ce temps, chaque jour compte pour leur d\u00e9veloppement et leur bien-\u00eatre. Ne laissez pas l\u2019attente freiner leurs progr\u00e8s ! \u00c9ducatrice sp\u00e9cialis\u00e9e ind\u00e9pendante, j\u2019interviens directement aupr\u00e8s des familles de [&hellip;]<\/p>\n","protected":false},"author":1,"featured_media":0,"comment_status":"closed","ping_status":"closed","sticky":false,"template":"","format":"standard","meta":{"footnotes":""},"categories":[11],"tags":[8,9,6,10,7],"class_list":["post-112","post","type-post","status-publish","format-standard","hentry","category-education-specialisee-activite-generale","tag-autonomie","tag-confiance","tag-educatrice-specialisee","tag-guadeloupe","tag-intervention-adaptee"],"_links":{"self":[{"href":"https:\/\/educ-spe-guadeloupe.fr\/index.php\/wp-json\/wp\/v2\/posts\/112","targetHints":{"allow":["GET"]}}],"collection":[{"href":"https:\/\/educ-spe-guadeloupe.fr\/index.php\/wp-json\/wp\/v2\/posts"}],"about":[{"href":"https:\/\/educ-spe-guadeloupe.fr\/index.php\/wp-json\/wp\/v2\/types\/post"}],"author":[{"embeddable":true,"href":"https:\/\/educ-spe-guadeloupe.fr\/index.php\/wp-json\/wp\/v2\/users\/1"}],"replies":[{"embeddable":true,"href":"https:\/\/educ-spe-guadeloupe.fr\/index.php\/wp-json\/wp\/v2\/comments?post=112"}],"version-history":[{"count":4,"href":"https:\/\/educ-spe-guadeloupe.fr\/index.php\/wp-json\/wp\/v2\/posts\/112\/revisions"}],"predecessor-version":[{"id":118,"href":"https:\/\/educ-spe-guadeloupe.fr\/index.php\/wp-json\/wp\/v2\/posts\/112\/revisions\/118"}],"wp:attachment":[{"href":"https:\/\/educ-spe-guadeloupe.fr\/index.php\/wp-json\/wp\/v2\/media?parent=112"}],"wp:term":[{"taxonomy":"category","embeddable":true,"href":"https:\/\/educ-spe-guadeloupe.fr\/index.php\/wp-json\/wp\/v2\/categories?post=112"},{"taxonomy":"post_tag","embeddable":true,"href":"https:\/\/educ-spe-guadeloupe.fr\/index.php\/wp-json\/wp\/v2\/tags?post=112"}],"curies":[{"name":"wp","href":"https:\/\/api.w.org\/{rel}","templated":true}]}}