{"id":125,"date":"2025-02-28T11:39:44","date_gmt":"2025-02-28T15:39:44","guid":{"rendered":"https:\/\/educ-spe-guadeloupe.fr\/?p=125"},"modified":"2025-02-28T11:51:54","modified_gmt":"2025-02-28T15:51:54","slug":"leducation-specialisee-une-approche-humaine-et-sur-mesure","status":"publish","type":"post","link":"https:\/\/educ-spe-guadeloupe.fr\/index.php\/2025\/02\/28\/leducation-specialisee-une-approche-humaine-et-sur-mesure\/","title":{"rendered":"L\u2019\u00e9ducation sp\u00e9cialis\u00e9e : une approche humaine et sur-mesure"},"content":{"rendered":"\t\t<div data-elementor-type=\"wp-post\" data-elementor-id=\"125\" class=\"elementor elementor-125\">\n\t\t\t\t<div class=\"elementor-element elementor-element-c43e6 e-flex e-con-boxed e-con e-parent\" data-id=\"c43e6\" data-element_type=\"container\" data-e-type=\"container\">\n\t\t\t\t\t<div class=\"e-con-inner\">\n\t\t\t\t<div class=\"elementor-element elementor-element-243ea6e7 elementor-widget elementor-widget-text-editor\" data-id=\"243ea6e7\" data-element_type=\"widget\" data-e-type=\"widget\" data-widget_type=\"text-editor.default\">\n\t\t\t\t<div class=\"elementor-widget-container\">\n\t\t\t\t\t\t\t\t\t<div class=\"xdj266r x11i5rnm xat24cr x1mh8g0r x1vvkbs x126k92a\"><div dir=\"auto\"><strong>Chaque personne est unique<\/strong>, chaque famille a son histoire, et chaque situation m\u00e9rite une approche adapt\u00e9e.<\/div><\/div><div class=\"x11i5rnm xat24cr x1mh8g0r x1vvkbs xtlvy1s x126k92a\"><div dir=\"auto\">En tant qu\u2019\u00e9ducatrice sp\u00e9cialis\u00e9e en Guadeloupe, r\u00e9gion Basse-Terre, j\u2019accompagne les enfants, les adolescents, les adultes et leurs familles face aux d\u00e9fis du quotidien : <strong>troubles du comportement, difficult\u00e9s d\u2019adaptation, handicaps, ou encore questionnements \u00e9ducatifs.<\/strong><\/div><div dir=\"auto\">\u00a0<\/div><\/div><div class=\"x11i5rnm xat24cr x1mh8g0r x1vvkbs xtlvy1s x126k92a\"><div dir=\"auto\"><span class=\"html-span xexx8yu x4uap5 x18d9i69 xkhd6sd x1hl2dhg x16tdsg8 x1vvkbs x3nfvp2 x1j61x8r x1fcty0u xdj266r xat24cr xgzva0m xhhsvwb xxymvpz xlup9mm x1kky2od\"><img decoding=\"async\" class=\"xz74otr\" src=\"https:\/\/static.xx.fbcdn.net\/images\/emoji.php\/v9\/tf4\/1\/16\/2728.png\" alt=\"\u2728\" width=\"16\" height=\"16\" \/><\/span> <strong>Mon approche<\/strong> ? Une <strong>intervention personnalis\u00e9e<\/strong>, qui commence par une <strong>\u00e9valuation<\/strong> approfondie des besoins :<\/div><div dir=\"auto\">\u00a0<\/div><\/div><div class=\"x11i5rnm xat24cr x1mh8g0r x1vvkbs xtlvy1s x126k92a\"><div dir=\"auto\"><span class=\"html-span xexx8yu x4uap5 x18d9i69 xkhd6sd x1hl2dhg x16tdsg8 x1vvkbs x3nfvp2 x1j61x8r x1fcty0u xdj266r xat24cr xgzva0m xhhsvwb xxymvpz xlup9mm x1kky2od\"><img decoding=\"async\" class=\"xz74otr\" src=\"https:\/\/static.xx.fbcdn.net\/images\/emoji.php\/v9\/tdd\/1\/16\/1f9d0.png\" alt=\"\ud83e\uddd0\" width=\"16\" height=\"16\" \/><\/span> 1. <strong>Autonomie personnelle<\/strong><\/div><div dir=\"auto\">\u00c9valuer la capacit\u00e9 de la personne \u00e0 r\u00e9aliser seule les actes du quotidien (toilette, habillage, alimentation\u2026), tout en respectant son rythme et ses possibilit\u00e9s. L\u2019objectif est de renforcer progressivement l\u2019ind\u00e9pendance, en apportant des outils et des rep\u00e8res adapt\u00e9s.<\/div><div dir=\"auto\">\u00a0<\/div><\/div><div class=\"x11i5rnm xat24cr x1mh8g0r x1vvkbs xtlvy1s x126k92a\"><div dir=\"auto\"><span class=\"html-span xexx8yu x4uap5 x18d9i69 xkhd6sd x1hl2dhg x16tdsg8 x1vvkbs x3nfvp2 x1j61x8r x1fcty0u xdj266r xat24cr xgzva0m xhhsvwb xxymvpz xlup9mm x1kky2od\"><img decoding=\"async\" class=\"xz74otr\" src=\"https:\/\/static.xx.fbcdn.net\/images\/emoji.php\/v9\/tfb\/1\/16\/1f5e3.png\" alt=\"\ud83d\udde3\" width=\"16\" height=\"16\" \/><\/span> 2.<strong> Communication<\/strong><\/div><div dir=\"auto\">Analyser les moyens de communication (verbale, non verbale, alternative&#8230;) pour adapter les supports et strat\u00e9gies facilitant l\u2019expression des besoins et des \u00e9motions.<\/div><\/div><div class=\"x11i5rnm xat24cr x1mh8g0r x1vvkbs xtlvy1s x126k92a\"><div dir=\"auto\">\u00a0<\/div><div dir=\"auto\"><span class=\"html-span xexx8yu x4uap5 x18d9i69 xkhd6sd x1hl2dhg x16tdsg8 x1vvkbs x3nfvp2 x1j61x8r x1fcty0u xdj266r xat24cr xgzva0m xhhsvwb xxymvpz xlup9mm x1kky2od\"><img loading=\"lazy\" decoding=\"async\" class=\"xz74otr\" src=\"https:\/\/static.xx.fbcdn.net\/images\/emoji.php\/v9\/t77\/1\/16\/1f3e1.png\" alt=\"\ud83c\udfe1\" width=\"16\" height=\"16\" \/><\/span>\u00a03. <strong>Relations avec la famille et rapport \u00e0 l\u2019autorit\u00e9<\/strong><\/div><div dir=\"auto\">Comprendre les dynamiques familiales et le positionnement de l\u2019enfant face aux r\u00e8gles et limites. Travailler sur un cadre s\u00e9curisant, o\u00f9 chacun trouve sa place avec bienveillance et respect mutuel.<\/div><div dir=\"auto\">\u00a0<\/div><\/div><div class=\"x11i5rnm xat24cr x1mh8g0r x1vvkbs xtlvy1s x126k92a\"><div dir=\"auto\"><span class=\"html-span xexx8yu x4uap5 x18d9i69 xkhd6sd x1hl2dhg x16tdsg8 x1vvkbs x3nfvp2 x1j61x8r x1fcty0u xdj266r xat24cr xgzva0m xhhsvwb xxymvpz xlup9mm x1kky2od\"><img loading=\"lazy\" decoding=\"async\" class=\"xz74otr\" src=\"https:\/\/static.xx.fbcdn.net\/images\/emoji.php\/v9\/t64\/1\/16\/1f91d.png\" alt=\"\ud83e\udd1d\" width=\"16\" height=\"16\" \/><\/span> 4. <strong>Interactions sociales<\/strong><\/div><div dir=\"auto\">Observer la qualit\u00e9 des \u00e9changes avec les pairs, les adultes, et en collectivit\u00e9. L\u2019accompagnement permet de renforcer les comp\u00e9tences sociales, la gestion des conflits et le respect des codes sociaux.<\/div><div dir=\"auto\">\u00a0<\/div><\/div><div class=\"x11i5rnm xat24cr x1mh8g0r x1vvkbs xtlvy1s x126k92a\"><div dir=\"auto\"><span class=\"html-span xexx8yu x4uap5 x18d9i69 xkhd6sd x1hl2dhg x16tdsg8 x1vvkbs x3nfvp2 x1j61x8r x1fcty0u xdj266r xat24cr xgzva0m xhhsvwb xxymvpz xlup9mm x1kky2od\"><img loading=\"lazy\" decoding=\"async\" class=\"xz74otr\" src=\"https:\/\/static.xx.fbcdn.net\/images\/emoji.php\/v9\/t7c\/1\/16\/1f9e0.png\" alt=\"\ud83e\udde0\" width=\"16\" height=\"16\" \/><\/span> 5. <strong>Fonctions ex\u00e9cutives<\/strong><\/div><div dir=\"auto\">Analyser la capacit\u00e9 \u00e0 organiser, planifier, m\u00e9moriser et g\u00e9rer l\u2019impulsivit\u00e9. Mettre en place des outils pour am\u00e9liorer l\u2019autonomie dans les apprentissages et la gestion du quotidien.<\/div><div dir=\"auto\">\u00a0<\/div><\/div><div class=\"x11i5rnm xat24cr x1mh8g0r x1vvkbs xtlvy1s x126k92a\"><div dir=\"auto\"><span class=\"html-span xexx8yu x4uap5 x18d9i69 xkhd6sd x1hl2dhg x16tdsg8 x1vvkbs x3nfvp2 x1j61x8r x1fcty0u xdj266r xat24cr xgzva0m xhhsvwb xxymvpz xlup9mm x1kky2od\"><img loading=\"lazy\" decoding=\"async\" class=\"xz74otr\" src=\"https:\/\/static.xx.fbcdn.net\/images\/emoji.php\/v9\/t3b\/1\/16\/1f3c3.png\" alt=\"\ud83c\udfc3\" width=\"16\" height=\"16\" \/><\/span> 6. <strong>Motricit\u00e9<\/strong><\/div><div dir=\"auto\">\u00c9valuer la motricit\u00e9 fine et globale, essentielles pour les activit\u00e9s scolaires et les gestes du quotidien. Travailler en lien avec des professionnels si n\u00e9cessaire pour adapter les strat\u00e9gies d\u2019accompagnement.<\/div><div dir=\"auto\">\u00a0<\/div><\/div><div class=\"x11i5rnm xat24cr x1mh8g0r x1vvkbs xtlvy1s x126k92a\"><div dir=\"auto\"><span class=\"html-span xexx8yu x4uap5 x18d9i69 xkhd6sd x1hl2dhg x16tdsg8 x1vvkbs x3nfvp2 x1j61x8r x1fcty0u xdj266r xat24cr xgzva0m xhhsvwb xxymvpz xlup9mm x1kky2od\"><img loading=\"lazy\" decoding=\"async\" class=\"xz74otr\" src=\"https:\/\/static.xx.fbcdn.net\/images\/emoji.php\/v9\/t89\/1\/16\/2695.png\" alt=\"\u2695\ufe0f\" width=\"16\" height=\"16\" \/><\/span> 7. <strong>Sant\u00e9<\/strong><\/div><div dir=\"auto\">Prendre en compte les besoins m\u00e9dicaux, sensoriels et \u00e9motionnels pour ajuster l\u2019accompagnement et favoriser le bien-\u00eatre global de l\u2019enfant.<\/div><div dir=\"auto\">\u00a0<\/div><\/div><div class=\"x11i5rnm xat24cr x1mh8g0r x1vvkbs xtlvy1s x126k92a\"><div dir=\"auto\"><span class=\"html-span xexx8yu x4uap5 x18d9i69 xkhd6sd x1hl2dhg x16tdsg8 x1vvkbs x3nfvp2 x1j61x8r x1fcty0u xdj266r xat24cr xgzva0m xhhsvwb xxymvpz xlup9mm x1kky2od\"><img loading=\"lazy\" decoding=\"async\" class=\"xz74otr\" src=\"https:\/\/static.xx.fbcdn.net\/images\/emoji.php\/v9\/t25\/1\/16\/1f393.png\" alt=\"\ud83c\udf93\" width=\"16\" height=\"16\" \/><\/span> 8. <strong>Fonctions cognitives<\/strong><\/div><div dir=\"auto\">Analyser les capacit\u00e9s d\u2019apprentissage, d\u2019attention et d\u2019adaptation, pour proposer des strat\u00e9gies d\u2019accompagnement qui respectent le rythme et les comp\u00e9tences de l\u2019enfant.<\/div><div dir=\"auto\">\u00a0<\/div><\/div><div class=\"x11i5rnm xat24cr x1mh8g0r x1vvkbs xtlvy1s x126k92a\"><div dir=\"auto\"><span class=\"html-span xexx8yu x4uap5 x18d9i69 xkhd6sd x1hl2dhg x16tdsg8 x1vvkbs x3nfvp2 x1j61x8r x1fcty0u xdj266r xat24cr xgzva0m xhhsvwb xxymvpz xlup9mm x1kky2od\"><img loading=\"lazy\" decoding=\"async\" class=\"xz74otr\" src=\"https:\/\/static.xx.fbcdn.net\/images\/emoji.php\/v9\/t69\/1\/16\/1f331.png\" alt=\"\ud83c\udf31\" width=\"16\" height=\"16\" \/><\/span> <strong>Mon objectif<\/strong> ? Offrir un <strong>accompagnement global<\/strong> en tenant compte des <strong>besoins<\/strong> de chaque personne de la famille, afin de renforcer la <strong>confiance<\/strong> et <strong>l\u2019\u00e9panouissement<\/strong> de chacun.<\/div><div dir=\"auto\">\u00a0<\/div><\/div><div class=\"x11i5rnm xat24cr x1mh8g0r x1vvkbs xtlvy1s x126k92a\"><div dir=\"auto\"><span class=\"html-span xexx8yu x4uap5 x18d9i69 xkhd6sd x1hl2dhg x16tdsg8 x1vvkbs x3nfvp2 x1j61x8r x1fcty0u xdj266r xat24cr xgzva0m xhhsvwb xxymvpz xlup9mm x1kky2od\"><img loading=\"lazy\" decoding=\"async\" class=\"xz74otr\" src=\"https:\/\/static.xx.fbcdn.net\/images\/emoji.php\/v9\/t6e\/1\/16\/1f4ac.png\" alt=\"\ud83d\udcac\" width=\"16\" height=\"16\" \/><\/span> Vous souhaitez en savoir plus sur mon approche ?<\/div><div dir=\"auto\">\u00c9changeons ensemble par mail \u00e0 l&rsquo;adresse <em>olbrdadnaima@gmail.com<\/em> ou par t\u00e9l\u00e9phone au <strong>06 52 89 63 20<\/strong><\/div><div dir=\"auto\">\u00a0<\/div><\/div>\t\t\t\t\t\t\t\t<\/div>\n\t\t\t\t<\/div>\n\t\t\t\t\t<\/div>\n\t\t\t\t<\/div>\n\t\t<div class=\"elementor-element elementor-element-a88cfe3 e-flex e-con-boxed e-con e-parent\" data-id=\"a88cfe3\" data-element_type=\"container\" data-e-type=\"container\">\n\t\t\t\t\t<div class=\"e-con-inner\">\n\t\t\t\t<div class=\"elementor-element elementor-element-8803d53 elementor-widget elementor-widget-image\" data-id=\"8803d53\" data-element_type=\"widget\" data-e-type=\"widget\" data-widget_type=\"image.default\">\n\t\t\t\t<div class=\"elementor-widget-container\">\n\t\t\t\t\t\t\t\t\t\t\t\t\t\t\t<img loading=\"lazy\" decoding=\"async\" width=\"800\" height=\"600\" src=\"https:\/\/educ-spe-guadeloupe.fr\/wp-content\/uploads\/2025\/02\/NAIMA-OLBRDAD-educ-spe-Guadeloupe-axes-devaluation.jpg\" class=\"attachment-large size-large wp-image-127\" alt=\"axes d&#039;\u00e9valuation \u00e9ducation sp\u00e9cialis\u00e9e TSA TDAH TND handicap\" srcset=\"https:\/\/educ-spe-guadeloupe.fr\/wp-content\/uploads\/2025\/02\/NAIMA-OLBRDAD-educ-spe-Guadeloupe-axes-devaluation.jpg 1024w, https:\/\/educ-spe-guadeloupe.fr\/wp-content\/uploads\/2025\/02\/NAIMA-OLBRDAD-educ-spe-Guadeloupe-axes-devaluation-300x225.jpg 300w, https:\/\/educ-spe-guadeloupe.fr\/wp-content\/uploads\/2025\/02\/NAIMA-OLBRDAD-educ-spe-Guadeloupe-axes-devaluation-768x576.jpg 768w\" sizes=\"(max-width: 800px) 100vw, 800px\" \/>\t\t\t\t\t\t\t\t\t\t\t\t\t\t\t<\/div>\n\t\t\t\t<\/div>\n\t\t\t\t\t<\/div>\n\t\t\t\t<\/div>\n\t\t\t\t<\/div>\n\t\t","protected":false},"excerpt":{"rendered":"<p>Chaque personne est unique, chaque famille a son histoire, et chaque situation m\u00e9rite une approche adapt\u00e9e.En tant qu\u2019\u00e9ducatrice sp\u00e9cialis\u00e9e en Guadeloupe, r\u00e9gion Basse-Terre, j\u2019accompagne les enfants, les adolescents, les adultes et leurs familles face aux d\u00e9fis du quotidien : troubles du comportement, difficult\u00e9s d\u2019adaptation, handicaps, ou encore questionnements \u00e9ducatifs.\u00a0 Mon approche ? Une intervention personnalis\u00e9e, [&hellip;]<\/p>\n","protected":false},"author":1,"featured_media":0,"comment_status":"closed","ping_status":"open","sticky":false,"template":"","format":"standard","meta":{"footnotes":""},"categories":[13],"tags":[],"class_list":["post-125","post","type-post","status-publish","format-standard","hentry","category-bilans-et-evaluations"],"_links":{"self":[{"href":"https:\/\/educ-spe-guadeloupe.fr\/index.php\/wp-json\/wp\/v2\/posts\/125","targetHints":{"allow":["GET"]}}],"collection":[{"href":"https:\/\/educ-spe-guadeloupe.fr\/index.php\/wp-json\/wp\/v2\/posts"}],"about":[{"href":"https:\/\/educ-spe-guadeloupe.fr\/index.php\/wp-json\/wp\/v2\/types\/post"}],"author":[{"embeddable":true,"href":"https:\/\/educ-spe-guadeloupe.fr\/index.php\/wp-json\/wp\/v2\/users\/1"}],"replies":[{"embeddable":true,"href":"https:\/\/educ-spe-guadeloupe.fr\/index.php\/wp-json\/wp\/v2\/comments?post=125"}],"version-history":[{"count":7,"href":"https:\/\/educ-spe-guadeloupe.fr\/index.php\/wp-json\/wp\/v2\/posts\/125\/revisions"}],"predecessor-version":[{"id":133,"href":"https:\/\/educ-spe-guadeloupe.fr\/index.php\/wp-json\/wp\/v2\/posts\/125\/revisions\/133"}],"wp:attachment":[{"href":"https:\/\/educ-spe-guadeloupe.fr\/index.php\/wp-json\/wp\/v2\/media?parent=125"}],"wp:term":[{"taxonomy":"category","embeddable":true,"href":"https:\/\/educ-spe-guadeloupe.fr\/index.php\/wp-json\/wp\/v2\/categories?post=125"},{"taxonomy":"post_tag","embeddable":true,"href":"https:\/\/educ-spe-guadeloupe.fr\/index.php\/wp-json\/wp\/v2\/tags?post=125"}],"curies":[{"name":"wp","href":"https:\/\/api.w.org\/{rel}","templated":true}]}}